{"id":51,"date":"2021-01-14T14:05:46","date_gmt":"2021-01-14T13:05:46","guid":{"rendered":"http:\/\/laboussole-podcast.fr\/?p=51"},"modified":"2021-02-17T12:27:02","modified_gmt":"2021-02-17T11:27:02","slug":"2-stephanie-lamarche-palmier-mettre-en-accord-ses-convictions-et-sa-vie-professionnelle","status":"publish","type":"post","link":"https:\/\/laboussole-podcast.fr\/index.php\/2021\/01\/14\/2-stephanie-lamarche-palmier-mettre-en-accord-ses-convictions-et-sa-vie-professionnelle\/","title":{"rendered":"#2 St\u00e9phanie Lamarche Palmier &#8211; Mettre en accord ses convictions et sa vie professionnelle"},"content":{"rendered":"\n<p>Dans ce deuxi\u00e8me \u00e9pisode, je vous emm\u00e8ne \u00e0 la rencontre de St\u00e9phanie Lamarche Palmier, Directrice de l&rsquo;Agence R\u00e9gionale de la Fondation Abb\u00e9 Pierre. J&rsquo;ai pass\u00e9 un peu plus d&rsquo;une heure avec St\u00e9phanie et j&rsquo;ai rencontr\u00e9 une personne enti\u00e8re, qui a progressivement mis en accord ses convictions et son activit\u00e9 professionnelle. Dans notre \u00e9change, elle nous rappelle aussi les missions de la Fondation Abb\u00e9 Pierre dont l&rsquo;interpellation des pouvoirs publics sur le mal logement est le socle. Nous avons auss parl\u00e9 de l&rsquo;engagement au quotidien, de la gestion d&rsquo;un emploi du temps rempli o\u00f9 la repr\u00e9sentation tient une place importante.<\/p>\n\n\n\n<p>J&rsquo;esp\u00e8re que comme moi, vous passerez un bon moment en compagnie de St\u00e9phanie.<\/p>\n\n\n\n<p><a href=\"https:\/\/smartlink.ausha.co\/la-boussole\/2-stephanie-lamarche-palmier-mettre-en-accord-ses-convictions-et-sa-vie-professionnelle\">https:\/\/smartlink.ausha.co\/la-boussole\/2-stephanie-lamarche-palmier-mettre-en-accord-ses-convictions-et-sa-vie-professionnelle<\/a><\/p>\n\n\n\n<p>Recommandation de l&rsquo;\u00e9pisodes :<\/p>\n\n\n\n<p>L&rsquo;\u00e9tranger d&rsquo;Albert Camus<\/p>\n\n\n\n<p>Roubaix, une lumi\u00e8re, film d&rsquo;Arnaud Desplechin, en salle depuis le 21 ao\u00fbt<\/p>\n\n\n\n<p>Si vous souhaitez me contacter pour me proposer des invit\u00e9s ou \u00e9changer sur le podcast, n&rsquo;h\u00e9sitez pas \u00e0 m&rsquo;envoyer un mail \u00e0 laboussolepodcast@gmail.com.<\/p>\n","protected":false},"excerpt":{"rendered":"<p>Dans ce deuxi\u00e8me \u00e9pisode, je vous emm\u00e8ne \u00e0 la rencontre de St\u00e9phanie Lamarche Palmier, Directrice de l&rsquo;Agence R\u00e9gionale de la Fondation Abb\u00e9 Pierre. J&rsquo;ai pass\u00e9 un peu plus d&rsquo;une heure avec St\u00e9phanie et j&rsquo;ai rencontr\u00e9 une personne enti\u00e8re, qui a progressivement mis en accord ses convictions et son activit\u00e9 professionnelle. Dans notre \u00e9change, elle nous [&hellip;]<\/p>\n","protected":false},"author":1,"featured_media":0,"comment_status":"open","ping_status":"open","sticky":false,"template":"","format":"standard","meta":{"footnotes":""},"categories":[30],"tags":[9,4,8,11],"_links":{"self":[{"href":"https:\/\/laboussole-podcast.fr\/index.php\/wp-json\/wp\/v2\/posts\/51"}],"collection":[{"href":"https:\/\/laboussole-podcast.fr\/index.php\/wp-json\/wp\/v2\/posts"}],"about":[{"href":"https:\/\/laboussole-podcast.fr\/index.php\/wp-json\/wp\/v2\/types\/post"}],"author":[{"embeddable":true,"href":"https:\/\/laboussole-podcast.fr\/index.php\/wp-json\/wp\/v2\/users\/1"}],"replies":[{"embeddable":true,"href":"https:\/\/laboussole-podcast.fr\/index.php\/wp-json\/wp\/v2\/comments?post=51"}],"version-history":[{"count":1,"href":"https:\/\/laboussole-podcast.fr\/index.php\/wp-json\/wp\/v2\/posts\/51\/revisions"}],"predecessor-version":[{"id":52,"href":"https:\/\/laboussole-podcast.fr\/index.php\/wp-json\/wp\/v2\/posts\/51\/revisions\/52"}],"wp:attachment":[{"href":"https:\/\/laboussole-podcast.fr\/index.php\/wp-json\/wp\/v2\/media?parent=51"}],"wp:term":[{"taxonomy":"category","embeddable":true,"href":"https:\/\/laboussole-podcast.fr\/index.php\/wp-json\/wp\/v2\/categories?post=51"},{"taxonomy":"post_tag","embeddable":true,"href":"https:\/\/laboussole-podcast.fr\/index.php\/wp-json\/wp\/v2\/tags?post=51"}],"curies":[{"name":"wp","href":"https:\/\/api.w.org\/{rel}","templated":true}]}}